{"id":24,"date":"2019-03-12T15:14:12","date_gmt":"2019-03-12T15:14:12","guid":{"rendered":"http:\/\/itxaspe.com\/mochileros\/?p=24"},"modified":"2023-11-27T15:30:10","modified_gmt":"2023-11-27T15:30:10","slug":"estrenamos-nueva-comunidad-de-blogs-mochileros-por-el-mundo","status":"publish","type":"post","link":"https:\/\/itxaspe.com\/mochileros\/blog\/estrenamos-nueva-comunidad-de-blogs-mochileros-por-el-mundo\/","title":{"rendered":"Estrenamos nueva comunidad de blogs: Mochileros por el mundo"},"content":{"rendered":"\n<p>Este verano del 2019 queremos hacer algo diferente, y tras estar un par de meses pensando y mir\u00e1ndo qu\u00e9 hacer, ya est\u00e1: nos vamos a Asia.<\/p>\n\n\n\n<p>Nos encanta viajar, pero siempre lo hemos hecho con la furgoneta, luego con la autocaravana, con coche y de hotel e incluso hemos tenido la suerte de podernos pegar un pedazo <a href=\"http:\/\/www.itxaspe.com\/BlogsDeportes\/estados-unidos-en-bicicleta\/\">viaje de 2 meses con alforjas a Estados Unidos<\/a>.<\/p>\n\n\n\n<p>Pero a\u00fan, hay un tipo de viaje que nunca hemos hecho: con <strong>mochila y sin ning\u00fan tipo de previsi\u00f3n<\/strong>. Tan s\u00f3lo coger el vuelo de ida y el de vuelta y una vez all\u00ed sobre la marcha.<\/p>\n\n\n\n<p>Esta comunidad de blogs que abrimos dentro de itxaspe.com estar\u00e1 dedicada a los posibles futuros viajes de este estilo que hagamos , que \u00f3jala sean muchos. <\/p>\n\n\n\n<p>De momento, lanzamos ya el primer blog: <a href=\"http:\/\/itxaspe.com\/mochileros\/asia-indonesia\"><strong>Mochileros por Asia &#8211; Indonesia<\/strong><\/a><\/p>\n\n\n\n<figure class=\"wp-block-image size-large\"><img loading=\"lazy\" decoding=\"async\" width=\"600\" height=\"800\" src=\"http:\/\/itxaspe.com\/mochileros\/wp-content\/uploads\/2019\/10\/48542241791_5fd2e35e77_c.jpg\" alt=\"Mochileros en Indonesia\" class=\"wp-image-113\" srcset=\"https:\/\/itxaspe.com\/mochileros\/wp-content\/uploads\/2019\/10\/48542241791_5fd2e35e77_c.jpg 600w, https:\/\/itxaspe.com\/mochileros\/wp-content\/uploads\/2019\/10\/48542241791_5fd2e35e77_c-225x300.jpg 225w\" sizes=\"auto, (max-width: 600px) 100vw, 600px\" \/><\/figure>\n","protected":false},"excerpt":{"rendered":"<p>Este verano del 2019 queremos hacer algo diferente, y tras estar un par de meses pensando y mir\u00e1ndo qu\u00e9 hacer, ya est\u00e1: nos vamos a Asia. Nos encanta viajar, pero siempre lo hemos hecho con la furgoneta, luego con la autocaravana, con coche y de hotel e incluso hemos tenido la suerte de podernos pegar [&hellip;]<\/p>\n","protected":false},"author":1,"featured_media":0,"comment_status":"open","ping_status":"open","sticky":false,"template":"","format":"standard","meta":{"footnotes":""},"categories":[1],"tags":[],"class_list":["post-24","post","type-post","status-publish","format-standard","hentry","category-uncategorized"],"yoast_head":"<!-- This site is optimized with the Yoast SEO plugin v26.8 - https:\/\/yoast.com\/product\/yoast-seo-wordpress\/ -->\n<title>Estrenamos nueva comunidad de blogs: Mochileros por el mundo - Mochileros por el mundo<\/title>\n<meta name=\"robots\" content=\"index, follow, max-snippet:-1, max-image-preview:large, max-video-preview:-1\" \/>\n<link rel=\"canonical\" href=\"https:\/\/itxaspe.com\/mochileros\/blog\/estrenamos-nueva-comunidad-de-blogs-mochileros-por-el-mundo\/\" \/>\n<meta property=\"og:locale\" content=\"es_ES\" \/>\n<meta property=\"og:type\" content=\"article\" \/>\n<meta property=\"og:title\" content=\"Estrenamos nueva comunidad de blogs: Mochileros por el mundo - Mochileros por el mundo\" \/>\n<meta property=\"og:description\" content=\"Este verano del 2019 queremos hacer algo diferente, y tras estar un par de meses pensando y mir\u00e1ndo qu\u00e9 hacer, ya est\u00e1: nos vamos a Asia. Nos encanta viajar, pero siempre lo hemos hecho con la furgoneta, luego con la autocaravana, con coche y de hotel e incluso hemos tenido la suerte de podernos pegar [&hellip;]\" \/>\n<meta property=\"og:url\" content=\"https:\/\/itxaspe.com\/mochileros\/blog\/estrenamos-nueva-comunidad-de-blogs-mochileros-por-el-mundo\/\" \/>\n<meta property=\"og:site_name\" content=\"Mochileros por el mundo\" \/>\n<meta property=\"article:publisher\" content=\"https:\/\/www.facebook.com\/itxaspe\" \/>\n<meta property=\"article:published_time\" content=\"2019-03-12T15:14:12+00:00\" \/>\n<meta property=\"article:modified_time\" content=\"2023-11-27T15:30:10+00:00\" \/>\n<meta property=\"og:image\" content=\"http:\/\/itxaspe.com\/mochileros\/wp-content\/uploads\/2019\/10\/48542241791_5fd2e35e77_c.jpg\" \/>\n<meta name=\"author\" content=\"admintxo\" \/>\n<meta name=\"twitter:card\" content=\"summary_large_image\" \/>\n<meta name=\"twitter:creator\" content=\"@itxaspe\" \/>\n<meta name=\"twitter:site\" content=\"@itxaspe\" \/>\n<meta name=\"twitter:label1\" content=\"Escrito por\" \/>\n\t<meta name=\"twitter:data1\" content=\"admintxo\" \/>\n\t<meta name=\"twitter:label2\" content=\"Tiempo de lectura\" \/>\n\t<meta name=\"twitter:data2\" content=\"1 minuto\" \/>\n<script type=\"application\/ld+json\" class=\"yoast-schema-graph\">{\"@context\":\"https:\/\/schema.org\",\"@graph\":[{\"@type\":\"Article\",\"@id\":\"https:\/\/itxaspe.com\/mochileros\/blog\/estrenamos-nueva-comunidad-de-blogs-mochileros-por-el-mundo\/#article\",\"isPartOf\":{\"@id\":\"https:\/\/itxaspe.com\/mochileros\/blog\/estrenamos-nueva-comunidad-de-blogs-mochileros-por-el-mundo\/\"},\"author\":{\"name\":\"admintxo\",\"@id\":\"https:\/\/itxaspe.com\/mochileros\/#\/schema\/person\/520c54d3e0c348aed03ca9130d831095\"},\"headline\":\"Estrenamos nueva comunidad de blogs: Mochileros por el mundo\",\"datePublished\":\"2019-03-12T15:14:12+00:00\",\"dateModified\":\"2023-11-27T15:30:10+00:00\",\"mainEntityOfPage\":{\"@id\":\"https:\/\/itxaspe.com\/mochileros\/blog\/estrenamos-nueva-comunidad-de-blogs-mochileros-por-el-mundo\/\"},\"wordCount\":153,\"commentCount\":0,\"image\":{\"@id\":\"https:\/\/itxaspe.com\/mochileros\/blog\/estrenamos-nueva-comunidad-de-blogs-mochileros-por-el-mundo\/#primaryimage\"},\"thumbnailUrl\":\"http:\/\/itxaspe.com\/mochileros\/wp-content\/uploads\/2019\/10\/48542241791_5fd2e35e77_c.jpg\",\"articleSection\":[\"Uncategorized\"],\"inLanguage\":\"es\",\"potentialAction\":[{\"@type\":\"CommentAction\",\"name\":\"Comment\",\"target\":[\"https:\/\/itxaspe.com\/mochileros\/blog\/estrenamos-nueva-comunidad-de-blogs-mochileros-por-el-mundo\/#respond\"]}]},{\"@type\":\"WebPage\",\"@id\":\"https:\/\/itxaspe.com\/mochileros\/blog\/estrenamos-nueva-comunidad-de-blogs-mochileros-por-el-mundo\/\",\"url\":\"https:\/\/itxaspe.com\/mochileros\/blog\/estrenamos-nueva-comunidad-de-blogs-mochileros-por-el-mundo\/\",\"name\":\"Estrenamos nueva comunidad de blogs: Mochileros por el mundo - Mochileros por el mundo\",\"isPartOf\":{\"@id\":\"https:\/\/itxaspe.com\/mochileros\/#website\"},\"primaryImageOfPage\":{\"@id\":\"https:\/\/itxaspe.com\/mochileros\/blog\/estrenamos-nueva-comunidad-de-blogs-mochileros-por-el-mundo\/#primaryimage\"},\"image\":{\"@id\":\"https:\/\/itxaspe.com\/mochileros\/blog\/estrenamos-nueva-comunidad-de-blogs-mochileros-por-el-mundo\/#primaryimage\"},\"thumbnailUrl\":\"http:\/\/itxaspe.com\/mochileros\/wp-content\/uploads\/2019\/10\/48542241791_5fd2e35e77_c.jpg\",\"datePublished\":\"2019-03-12T15:14:12+00:00\",\"dateModified\":\"2023-11-27T15:30:10+00:00\",\"author\":{\"@id\":\"https:\/\/itxaspe.com\/mochileros\/#\/schema\/person\/520c54d3e0c348aed03ca9130d831095\"},\"breadcrumb\":{\"@id\":\"https:\/\/itxaspe.com\/mochileros\/blog\/estrenamos-nueva-comunidad-de-blogs-mochileros-por-el-mundo\/#breadcrumb\"},\"inLanguage\":\"es\",\"potentialAction\":[{\"@type\":\"ReadAction\",\"target\":[\"https:\/\/itxaspe.com\/mochileros\/blog\/estrenamos-nueva-comunidad-de-blogs-mochileros-por-el-mundo\/\"]}]},{\"@type\":\"ImageObject\",\"inLanguage\":\"es\",\"@id\":\"https:\/\/itxaspe.com\/mochileros\/blog\/estrenamos-nueva-comunidad-de-blogs-mochileros-por-el-mundo\/#primaryimage\",\"url\":\"https:\/\/itxaspe.com\/mochileros\/wp-content\/uploads\/2019\/10\/48542241791_5fd2e35e77_c.jpg\",\"contentUrl\":\"https:\/\/itxaspe.com\/mochileros\/wp-content\/uploads\/2019\/10\/48542241791_5fd2e35e77_c.jpg\",\"width\":600,\"height\":800,\"caption\":\"Mochileros en Indonesia\"},{\"@type\":\"BreadcrumbList\",\"@id\":\"https:\/\/itxaspe.com\/mochileros\/blog\/estrenamos-nueva-comunidad-de-blogs-mochileros-por-el-mundo\/#breadcrumb\",\"itemListElement\":[{\"@type\":\"ListItem\",\"position\":1,\"name\":\"Portada\",\"item\":\"https:\/\/itxaspe.com\/mochileros\/\"},{\"@type\":\"ListItem\",\"position\":2,\"name\":\"Estrenamos nueva comunidad de blogs: Mochileros por el mundo\"}]},{\"@type\":\"WebSite\",\"@id\":\"https:\/\/itxaspe.com\/mochileros\/#website\",\"url\":\"https:\/\/itxaspe.com\/mochileros\/\",\"name\":\"Mochileros por el mundo\",\"description\":\"Mochileando como forma de viajar\",\"potentialAction\":[{\"@type\":\"SearchAction\",\"target\":{\"@type\":\"EntryPoint\",\"urlTemplate\":\"https:\/\/itxaspe.com\/mochileros\/?s={search_term_string}\"},\"query-input\":{\"@type\":\"PropertyValueSpecification\",\"valueRequired\":true,\"valueName\":\"search_term_string\"}}],\"inLanguage\":\"es\"},{\"@type\":\"Person\",\"@id\":\"https:\/\/itxaspe.com\/mochileros\/#\/schema\/person\/520c54d3e0c348aed03ca9130d831095\",\"name\":\"admintxo\",\"image\":{\"@type\":\"ImageObject\",\"inLanguage\":\"es\",\"@id\":\"https:\/\/itxaspe.com\/mochileros\/#\/schema\/person\/image\/\",\"url\":\"https:\/\/secure.gravatar.com\/avatar\/116fccee2ccc2baeb2685902049444306c6d03382752471492bc35c8722c06fc?s=96&d=mm&r=g\",\"contentUrl\":\"https:\/\/secure.gravatar.com\/avatar\/116fccee2ccc2baeb2685902049444306c6d03382752471492bc35c8722c06fc?s=96&d=mm&r=g\",\"caption\":\"admintxo\"}}]}<\/script>\n<!-- \/ Yoast SEO plugin. -->","yoast_head_json":{"title":"Estrenamos nueva comunidad de blogs: Mochileros por el mundo - Mochileros por el mundo","robots":{"index":"index","follow":"follow","max-snippet":"max-snippet:-1","max-image-preview":"max-image-preview:large","max-video-preview":"max-video-preview:-1"},"canonical":"https:\/\/itxaspe.com\/mochileros\/blog\/estrenamos-nueva-comunidad-de-blogs-mochileros-por-el-mundo\/","og_locale":"es_ES","og_type":"article","og_title":"Estrenamos nueva comunidad de blogs: Mochileros por el mundo - Mochileros por el mundo","og_description":"Este verano del 2019 queremos hacer algo diferente, y tras estar un par de meses pensando y mir\u00e1ndo qu\u00e9 hacer, ya est\u00e1: nos vamos a Asia. Nos encanta viajar, pero siempre lo hemos hecho con la furgoneta, luego con la autocaravana, con coche y de hotel e incluso hemos tenido la suerte de podernos pegar [&hellip;]","og_url":"https:\/\/itxaspe.com\/mochileros\/blog\/estrenamos-nueva-comunidad-de-blogs-mochileros-por-el-mundo\/","og_site_name":"Mochileros por el mundo","article_publisher":"https:\/\/www.facebook.com\/itxaspe","article_published_time":"2019-03-12T15:14:12+00:00","article_modified_time":"2023-11-27T15:30:10+00:00","og_image":[{"url":"http:\/\/itxaspe.com\/mochileros\/wp-content\/uploads\/2019\/10\/48542241791_5fd2e35e77_c.jpg","type":"","width":"","height":""}],"author":"admintxo","twitter_card":"summary_large_image","twitter_creator":"@itxaspe","twitter_site":"@itxaspe","twitter_misc":{"Escrito por":"admintxo","Tiempo de lectura":"1 minuto"},"schema":{"@context":"https:\/\/schema.org","@graph":[{"@type":"Article","@id":"https:\/\/itxaspe.com\/mochileros\/blog\/estrenamos-nueva-comunidad-de-blogs-mochileros-por-el-mundo\/#article","isPartOf":{"@id":"https:\/\/itxaspe.com\/mochileros\/blog\/estrenamos-nueva-comunidad-de-blogs-mochileros-por-el-mundo\/"},"author":{"name":"admintxo","@id":"https:\/\/itxaspe.com\/mochileros\/#\/schema\/person\/520c54d3e0c348aed03ca9130d831095"},"headline":"Estrenamos nueva comunidad de blogs: Mochileros por el mundo","datePublished":"2019-03-12T15:14:12+00:00","dateModified":"2023-11-27T15:30:10+00:00","mainEntityOfPage":{"@id":"https:\/\/itxaspe.com\/mochileros\/blog\/estrenamos-nueva-comunidad-de-blogs-mochileros-por-el-mundo\/"},"wordCount":153,"commentCount":0,"image":{"@id":"https:\/\/itxaspe.com\/mochileros\/blog\/estrenamos-nueva-comunidad-de-blogs-mochileros-por-el-mundo\/#primaryimage"},"thumbnailUrl":"http:\/\/itxaspe.com\/mochileros\/wp-content\/uploads\/2019\/10\/48542241791_5fd2e35e77_c.jpg","articleSection":["Uncategorized"],"inLanguage":"es","potentialAction":[{"@type":"CommentAction","name":"Comment","target":["https:\/\/itxaspe.com\/mochileros\/blog\/estrenamos-nueva-comunidad-de-blogs-mochileros-por-el-mundo\/#respond"]}]},{"@type":"WebPage","@id":"https:\/\/itxaspe.com\/mochileros\/blog\/estrenamos-nueva-comunidad-de-blogs-mochileros-por-el-mundo\/","url":"https:\/\/itxaspe.com\/mochileros\/blog\/estrenamos-nueva-comunidad-de-blogs-mochileros-por-el-mundo\/","name":"Estrenamos nueva comunidad de blogs: Mochileros por el mundo - Mochileros por el mundo","isPartOf":{"@id":"https:\/\/itxaspe.com\/mochileros\/#website"},"primaryImageOfPage":{"@id":"https:\/\/itxaspe.com\/mochileros\/blog\/estrenamos-nueva-comunidad-de-blogs-mochileros-por-el-mundo\/#primaryimage"},"image":{"@id":"https:\/\/itxaspe.com\/mochileros\/blog\/estrenamos-nueva-comunidad-de-blogs-mochileros-por-el-mundo\/#primaryimage"},"thumbnailUrl":"http:\/\/itxaspe.com\/mochileros\/wp-content\/uploads\/2019\/10\/48542241791_5fd2e35e77_c.jpg","datePublished":"2019-03-12T15:14:12+00:00","dateModified":"2023-11-27T15:30:10+00:00","author":{"@id":"https:\/\/itxaspe.com\/mochileros\/#\/schema\/person\/520c54d3e0c348aed03ca9130d831095"},"breadcrumb":{"@id":"https:\/\/itxaspe.com\/mochileros\/blog\/estrenamos-nueva-comunidad-de-blogs-mochileros-por-el-mundo\/#breadcrumb"},"inLanguage":"es","potentialAction":[{"@type":"ReadAction","target":["https:\/\/itxaspe.com\/mochileros\/blog\/estrenamos-nueva-comunidad-de-blogs-mochileros-por-el-mundo\/"]}]},{"@type":"ImageObject","inLanguage":"es","@id":"https:\/\/itxaspe.com\/mochileros\/blog\/estrenamos-nueva-comunidad-de-blogs-mochileros-por-el-mundo\/#primaryimage","url":"https:\/\/itxaspe.com\/mochileros\/wp-content\/uploads\/2019\/10\/48542241791_5fd2e35e77_c.jpg","contentUrl":"https:\/\/itxaspe.com\/mochileros\/wp-content\/uploads\/2019\/10\/48542241791_5fd2e35e77_c.jpg","width":600,"height":800,"caption":"Mochileros en Indonesia"},{"@type":"BreadcrumbList","@id":"https:\/\/itxaspe.com\/mochileros\/blog\/estrenamos-nueva-comunidad-de-blogs-mochileros-por-el-mundo\/#breadcrumb","itemListElement":[{"@type":"ListItem","position":1,"name":"Portada","item":"https:\/\/itxaspe.com\/mochileros\/"},{"@type":"ListItem","position":2,"name":"Estrenamos nueva comunidad de blogs: Mochileros por el mundo"}]},{"@type":"WebSite","@id":"https:\/\/itxaspe.com\/mochileros\/#website","url":"https:\/\/itxaspe.com\/mochileros\/","name":"Mochileros por el mundo","description":"Mochileando como forma de viajar","potentialAction":[{"@type":"SearchAction","target":{"@type":"EntryPoint","urlTemplate":"https:\/\/itxaspe.com\/mochileros\/?s={search_term_string}"},"query-input":{"@type":"PropertyValueSpecification","valueRequired":true,"valueName":"search_term_string"}}],"inLanguage":"es"},{"@type":"Person","@id":"https:\/\/itxaspe.com\/mochileros\/#\/schema\/person\/520c54d3e0c348aed03ca9130d831095","name":"admintxo","image":{"@type":"ImageObject","inLanguage":"es","@id":"https:\/\/itxaspe.com\/mochileros\/#\/schema\/person\/image\/","url":"https:\/\/secure.gravatar.com\/avatar\/116fccee2ccc2baeb2685902049444306c6d03382752471492bc35c8722c06fc?s=96&d=mm&r=g","contentUrl":"https:\/\/secure.gravatar.com\/avatar\/116fccee2ccc2baeb2685902049444306c6d03382752471492bc35c8722c06fc?s=96&d=mm&r=g","caption":"admintxo"}}]}},"_links":{"self":[{"href":"https:\/\/itxaspe.com\/mochileros\/wp-json\/wp\/v2\/posts\/24","targetHints":{"allow":["GET"]}}],"collection":[{"href":"https:\/\/itxaspe.com\/mochileros\/wp-json\/wp\/v2\/posts"}],"about":[{"href":"https:\/\/itxaspe.com\/mochileros\/wp-json\/wp\/v2\/types\/post"}],"author":[{"embeddable":true,"href":"https:\/\/itxaspe.com\/mochileros\/wp-json\/wp\/v2\/users\/1"}],"replies":[{"embeddable":true,"href":"https:\/\/itxaspe.com\/mochileros\/wp-json\/wp\/v2\/comments?post=24"}],"version-history":[{"count":5,"href":"https:\/\/itxaspe.com\/mochileros\/wp-json\/wp\/v2\/posts\/24\/revisions"}],"predecessor-version":[{"id":115,"href":"https:\/\/itxaspe.com\/mochileros\/wp-json\/wp\/v2\/posts\/24\/revisions\/115"}],"wp:attachment":[{"href":"https:\/\/itxaspe.com\/mochileros\/wp-json\/wp\/v2\/media?parent=24"}],"wp:term":[{"taxonomy":"category","embeddable":true,"href":"https:\/\/itxaspe.com\/mochileros\/wp-json\/wp\/v2\/categories?post=24"},{"taxonomy":"post_tag","embeddable":true,"href":"https:\/\/itxaspe.com\/mochileros\/wp-json\/wp\/v2\/tags?post=24"}],"curies":[{"name":"wp","href":"https:\/\/api.w.org\/{rel}","templated":true}]}}